{"id":15318,"date":"2022-07-06T20:55:10","date_gmt":"2022-07-06T18:55:10","guid":{"rendered":"https:\/\/grupatarczynski.pl\/?p=15318"},"modified":"2022-07-18T16:52:39","modified_gmt":"2022-07-18T14:52:39","slug":"die-firma-tarczynski-erhaelt-von-forbes-die-auszeichnung-familienbotschafter-des-jahres","status":"publish","type":"post","link":"https:\/\/grupatarczynski.pl\/de\/2022\/07\/06\/die-firma-tarczynski-erhaelt-von-forbes-die-auszeichnung-familienbotschafter-des-jahres\/","title":{"rendered":"Die Firma Tarczy\u0144ski erh\u00e4lt von Forbes die Auszeichnung Familienbotschafter des Jahres"},"content":{"rendered":"<h2><b>Die Besten der Besten<\/b><\/h2>\n<p><span style=\"font-weight: 400;\">Der Kongress der Familienunternehmen in Polen ist eine der wichtigsten Veranstaltungen, an der Unternehmensvertreter, Praktiker sowie in- und ausl\u00e4ndische Experten teilnehmen. W\u00e4hrend der diesj\u00e4hrigen 3. Ausgabe dieser Veranstaltung ehrten die Veranstalter die Marke Tarczy\u0144ski mit dem Titel Familienbotschafter des Jahres. <\/span><span style=\"font-weight: 400;\">Die Auszeichnung wurde verliehen <\/span><span style=\"font-weight: 400;\">f\u00fcr die Bekanntmachung von Polen auf dem internationalen Markt sowie ehrgeizige und konsequente Verfolgung des Ziels, ein weltweit f\u00fchrender Anbieter von Proteinsnacks zu werden.\u00a0<\/span><\/p>\n<p><span style=\"font-weight: 400;\">Die Produkte dieser polnischen Marke sind weltweit bereits in 30 L\u00e4ndern auf 3 Kontinenten erh\u00e4ltlich, darunter in Deutschland, den Vereinigten Staaten, Gro\u00dfbritannien, Spanien, Finnland und Hongkong.\u00a0<\/span><\/p>\n<blockquote><p><span style=\"font-weight: 400;\">\u2013 <\/span><i><span style=\"font-weight: 400;\">Zu den gr\u00f6\u00dften Familienunternehmen in Polen zu geh\u00f6ren, ist eine Auszeichnung, die uns mit gro\u00dfem Stolz erf\u00fcllt. \u00c4hnlich wie die W\u00fcrdigung unserer langj\u00e4hrigen T\u00e4tigkeit auf internationalen M\u00e4rkten mit dem Titel Familienbotschafter des Jahres. Umso mehr freue ich mich, auf dem diesj\u00e4hrigen Kongress diese besondere Auszeichnung f\u00fcr uns entgegennehmen zu d\u00fcrfen, die uns motiviert, weiter intensiv an der Verwirklichung unserer Tr\u00e4ume zu arbeiten<\/span><\/i><span style=\"font-weight: 400;\"> \u2013 sagt <\/span><b>Tomasz Tarczy\u0144ski<\/b><span style=\"font-weight: 400;\">, Vorstandsmitglied sowie Marketing- und Exportleiter bei Tarczy\u0144ski S.A. Er f\u00fcgt hinzu: <\/span><i><span style=\"font-weight: 400;\">Meine Eltern, die dieses Unternehmen von Grund auf aufgebaut haben, sagen immer, dass man das stereotype polnische Denken, wonach etwas nicht funktionieren wird, \u00e4ndern und an die Ziele, die man sich setzt, glauben muss. Dies ist der Schl\u00fcssel zum Erfolg, der die Marke Tarczy\u0144ski an den Ort gef\u00fchrt hat, von dem aus sie Trends setzt und neue Auslandsm\u00e4rkte erobert. Exporte machen derzeit 25% unseres Umsatzes aus und ich kann mit Zuversicht sagen, dass dies erst der Anfang ist.<\/span><\/i><\/p><\/blockquote>\n<p><span style=\"font-weight: 400;\">Auf dem diesj\u00e4hrigen Kongress der Familienunternehmen wurden au\u00dferdem ausgezeichnet: Gruppe Mokate (Familienunternehmen des Jahres des Forbes-Magazins), Gruppe Arche (Familienphilanthrop des Jahres) und Cafardini (Sonderauszeichnung des Forbes-Magazins).\u00a0<\/span><span style=\"font-weight: 400;\">\u00a0<\/span><\/p>\n<h2><b>3. Kongress der Familienunternehmen in Polen<\/b><\/h2>\n<p><span style=\"font-weight: 400;\">Das Leitmotiv der diesj\u00e4hrigen Veranstaltung, die am 20. Juni in Warschau stattfand, war: <\/span><b>Neue Generation in Familienunternehmen \u2013\u00a0 Was ist von der Erfahrung der Eltern\/V\u00e4ter und Gro\u00dfeltern in einer digitalen Welt \u00fcbrig geblieben?<\/b><\/p>\n<p><span style=\"font-weight: 400;\">Der Kongress war wieder einmal eine Gelegenheit, das eigene Wissen um gute Praktiken oder Strategien anderer Unternehmen zu erweitern, die in Polen sowie im Ausland umgesetzt und angewendet werden.<\/span><\/p>\n","protected":false},"excerpt":{"rendered":"<p>W\u00e4hrend des 3. Kongresses der Familienunternehmen wurde die Marke mit dem Titel Familienbotschafter des Jahres ausgezeichnet. Vertreter des Veranstalters, der Zeitschrift Forbes Polska, verliehen dem Hersteller der beliebten Proteinsnacks diesen Preis f\u00fcr die internationale Bekanntmachung unseres Landes. Unter den Ausgezeichneten in anderen Kategorien waren auch: Gruppe Mokate, Gruppe Arche sowie Cafardini.\u00a0<\/p>\n","protected":false},"author":2,"featured_media":15244,"comment_status":"closed","ping_status":"closed","sticky":false,"template":"","format":"standard","meta":{"_acf_changed":false,"footnotes":""},"categories":[5],"tags":[],"class_list":["post-15318","post","type-post","status-publish","format-standard","has-post-thumbnail","hentry","category-unkategorisiert"],"acf":[],"yoast_head":"<!-- This site is optimized with the Yoast SEO plugin v27.1.1 - https:\/\/yoast.com\/product\/yoast-seo-wordpress\/ -->\n<title>Die Firma Tarczy\u0144ski erh\u00e4lt von Forbes die Auszeichnung Familienbotschafter des Jahres - Grupa Tarczy\u0144ski<\/title>\n<meta name=\"robots\" content=\"index, follow, max-snippet:-1, max-image-preview:large, max-video-preview:-1\" \/>\n<link rel=\"canonical\" href=\"https:\/\/grupatarczynski.pl\/de\/2022\/07\/06\/die-firma-tarczynski-erhaelt-von-forbes-die-auszeichnung-familienbotschafter-des-jahres\/\" \/>\n<meta property=\"og:locale\" content=\"de_DE\" \/>\n<meta property=\"og:type\" content=\"article\" \/>\n<meta property=\"og:title\" content=\"Die Firma Tarczy\u0144ski erh\u00e4lt von Forbes die Auszeichnung Familienbotschafter des Jahres - Grupa Tarczy\u0144ski\" \/>\n<meta property=\"og:description\" content=\"W\u00e4hrend des 3. Kongresses der Familienunternehmen wurde die Marke mit dem Titel Familienbotschafter des Jahres ausgezeichnet. Vertreter des Veranstalters, der Zeitschrift Forbes Polska, verliehen dem Hersteller der beliebten Proteinsnacks diesen Preis f\u00fcr die internationale Bekanntmachung unseres Landes. Unter den Ausgezeichneten in anderen Kategorien waren auch: Gruppe Mokate, Gruppe Arche sowie Cafardini.\u00a0\" \/>\n<meta property=\"og:url\" content=\"https:\/\/grupatarczynski.pl\/de\/2022\/07\/06\/die-firma-tarczynski-erhaelt-von-forbes-die-auszeichnung-familienbotschafter-des-jahres\/\" \/>\n<meta property=\"og:site_name\" content=\"Grupa Tarczy\u0144ski\" \/>\n<meta property=\"article:published_time\" content=\"2022-07-06T18:55:10+00:00\" \/>\n<meta property=\"article:modified_time\" content=\"2022-07-18T14:52:39+00:00\" \/>\n<meta property=\"og:image\" content=\"https:\/\/grupatarczynski.pl\/wp-content\/uploads\/2022\/07\/PRE_7359.jpeg\" \/>\n\t<meta property=\"og:image:width\" content=\"1920\" \/>\n\t<meta property=\"og:image:height\" content=\"1281\" \/>\n\t<meta property=\"og:image:type\" content=\"image\/jpeg\" \/>\n<meta name=\"author\" content=\"Katarzyna Leszkiewicz\" \/>\n<meta name=\"twitter:card\" content=\"summary_large_image\" \/>\n<meta name=\"twitter:label1\" content=\"Verfasst von\" \/>\n\t<meta name=\"twitter:data1\" content=\"Katarzyna Leszkiewicz\" \/>\n\t<meta name=\"twitter:label2\" content=\"Gesch\u00e4tzte Lesezeit\" \/>\n\t<meta name=\"twitter:data2\" content=\"2\u00a0Minuten\" \/>\n<script type=\"application\/ld+json\" class=\"yoast-schema-graph\">{\"@context\":\"https:\/\/schema.org\",\"@graph\":[{\"@type\":\"Article\",\"@id\":\"https:\/\/grupatarczynski.pl\/de\/2022\/07\/06\/die-firma-tarczynski-erhaelt-von-forbes-die-auszeichnung-familienbotschafter-des-jahres\/#article\",\"isPartOf\":{\"@id\":\"https:\/\/grupatarczynski.pl\/de\/2022\/07\/06\/die-firma-tarczynski-erhaelt-von-forbes-die-auszeichnung-familienbotschafter-des-jahres\/\"},\"author\":{\"name\":\"Katarzyna Leszkiewicz\",\"@id\":\"https:\/\/grupatarczynski.pl\/#\/schema\/person\/163f0ba9f94f4ed18156a49b2cb07827\"},\"headline\":\"Die Firma Tarczy\u0144ski erh\u00e4lt von Forbes die Auszeichnung Familienbotschafter des Jahres\",\"datePublished\":\"2022-07-06T18:55:10+00:00\",\"dateModified\":\"2022-07-18T14:52:39+00:00\",\"mainEntityOfPage\":{\"@id\":\"https:\/\/grupatarczynski.pl\/de\/2022\/07\/06\/die-firma-tarczynski-erhaelt-von-forbes-die-auszeichnung-familienbotschafter-des-jahres\/\"},\"wordCount\":387,\"publisher\":{\"@id\":\"https:\/\/grupatarczynski.pl\/#organization\"},\"image\":{\"@id\":\"https:\/\/grupatarczynski.pl\/de\/2022\/07\/06\/die-firma-tarczynski-erhaelt-von-forbes-die-auszeichnung-familienbotschafter-des-jahres\/#primaryimage\"},\"thumbnailUrl\":\"https:\/\/grupatarczynski.pl\/wp-content\/uploads\/2022\/07\/PRE_7359.jpeg\",\"articleSection\":[\"Unkategorisiert\"],\"inLanguage\":\"de\"},{\"@type\":\"WebPage\",\"@id\":\"https:\/\/grupatarczynski.pl\/de\/2022\/07\/06\/die-firma-tarczynski-erhaelt-von-forbes-die-auszeichnung-familienbotschafter-des-jahres\/\",\"url\":\"https:\/\/grupatarczynski.pl\/de\/2022\/07\/06\/die-firma-tarczynski-erhaelt-von-forbes-die-auszeichnung-familienbotschafter-des-jahres\/\",\"name\":\"Die Firma Tarczy\u0144ski erh\u00e4lt von Forbes die Auszeichnung Familienbotschafter des Jahres - Grupa Tarczy\u0144ski\",\"isPartOf\":{\"@id\":\"https:\/\/grupatarczynski.pl\/#website\"},\"primaryImageOfPage\":{\"@id\":\"https:\/\/grupatarczynski.pl\/de\/2022\/07\/06\/die-firma-tarczynski-erhaelt-von-forbes-die-auszeichnung-familienbotschafter-des-jahres\/#primaryimage\"},\"image\":{\"@id\":\"https:\/\/grupatarczynski.pl\/de\/2022\/07\/06\/die-firma-tarczynski-erhaelt-von-forbes-die-auszeichnung-familienbotschafter-des-jahres\/#primaryimage\"},\"thumbnailUrl\":\"https:\/\/grupatarczynski.pl\/wp-content\/uploads\/2022\/07\/PRE_7359.jpeg\",\"datePublished\":\"2022-07-06T18:55:10+00:00\",\"dateModified\":\"2022-07-18T14:52:39+00:00\",\"breadcrumb\":{\"@id\":\"https:\/\/grupatarczynski.pl\/de\/2022\/07\/06\/die-firma-tarczynski-erhaelt-von-forbes-die-auszeichnung-familienbotschafter-des-jahres\/#breadcrumb\"},\"inLanguage\":\"de\",\"potentialAction\":[{\"@type\":\"ReadAction\",\"target\":[\"https:\/\/grupatarczynski.pl\/de\/2022\/07\/06\/die-firma-tarczynski-erhaelt-von-forbes-die-auszeichnung-familienbotschafter-des-jahres\/\"]}]},{\"@type\":\"ImageObject\",\"inLanguage\":\"de\",\"@id\":\"https:\/\/grupatarczynski.pl\/de\/2022\/07\/06\/die-firma-tarczynski-erhaelt-von-forbes-die-auszeichnung-familienbotschafter-des-jahres\/#primaryimage\",\"url\":\"https:\/\/grupatarczynski.pl\/wp-content\/uploads\/2022\/07\/PRE_7359.jpeg\",\"contentUrl\":\"https:\/\/grupatarczynski.pl\/wp-content\/uploads\/2022\/07\/PRE_7359.jpeg\",\"width\":1920,\"height\":1281,\"caption\":\"Fot. Alicja \u017bebru\u0144\"},{\"@type\":\"BreadcrumbList\",\"@id\":\"https:\/\/grupatarczynski.pl\/de\/2022\/07\/06\/die-firma-tarczynski-erhaelt-von-forbes-die-auszeichnung-familienbotschafter-des-jahres\/#breadcrumb\",\"itemListElement\":[{\"@type\":\"ListItem\",\"position\":1,\"name\":\"Strona g\u0142\u00f3wna\",\"item\":\"https:\/\/grupatarczynski.pl\/de\/\"},{\"@type\":\"ListItem\",\"position\":2,\"name\":\"Die Firma Tarczy\u0144ski erh\u00e4lt von Forbes die Auszeichnung Familienbotschafter des Jahres\"}]},{\"@type\":\"WebSite\",\"@id\":\"https:\/\/grupatarczynski.pl\/#website\",\"url\":\"https:\/\/grupatarczynski.pl\/\",\"name\":\"Grupa Tarczy\u0144ski\",\"description\":\"\",\"publisher\":{\"@id\":\"https:\/\/grupatarczynski.pl\/#organization\"},\"potentialAction\":[{\"@type\":\"SearchAction\",\"target\":{\"@type\":\"EntryPoint\",\"urlTemplate\":\"https:\/\/grupatarczynski.pl\/?s={search_term_string}\"},\"query-input\":{\"@type\":\"PropertyValueSpecification\",\"valueRequired\":true,\"valueName\":\"search_term_string\"}}],\"inLanguage\":\"de\"},{\"@type\":\"Organization\",\"@id\":\"https:\/\/grupatarczynski.pl\/#organization\",\"name\":\"Grupa Tarczy\u0144ski\",\"url\":\"https:\/\/grupatarczynski.pl\/\",\"logo\":{\"@type\":\"ImageObject\",\"inLanguage\":\"de\",\"@id\":\"https:\/\/grupatarczynski.pl\/#\/schema\/logo\/image\/\",\"url\":\"https:\/\/grupatarczynski.pl\/wp-content\/uploads\/2020\/08\/tarczynski_logo.png\",\"contentUrl\":\"https:\/\/grupatarczynski.pl\/wp-content\/uploads\/2020\/08\/tarczynski_logo.png\",\"width\":306,\"height\":183,\"caption\":\"Grupa Tarczy\u0144ski\"},\"image\":{\"@id\":\"https:\/\/grupatarczynski.pl\/#\/schema\/logo\/image\/\"}},{\"@type\":\"Person\",\"@id\":\"https:\/\/grupatarczynski.pl\/#\/schema\/person\/163f0ba9f94f4ed18156a49b2cb07827\",\"name\":\"Katarzyna Leszkiewicz\",\"image\":{\"@type\":\"ImageObject\",\"inLanguage\":\"de\",\"@id\":\"https:\/\/grupatarczynski.pl\/#\/schema\/person\/image\/\",\"url\":\"https:\/\/secure.gravatar.com\/avatar\/6ea29f9ea6800a48e58f7052c1fff0133985e3b3fffb5bf9bb79c19651b061ba?s=96&d=mm&r=g\",\"contentUrl\":\"https:\/\/secure.gravatar.com\/avatar\/6ea29f9ea6800a48e58f7052c1fff0133985e3b3fffb5bf9bb79c19651b061ba?s=96&d=mm&r=g\",\"caption\":\"Katarzyna Leszkiewicz\"},\"sameAs\":[\"http:\/\/publicon.pl\"]}]}<\/script>\n<!-- \/ Yoast SEO plugin. -->","yoast_head_json":{"title":"Die Firma Tarczy\u0144ski erh\u00e4lt von Forbes die Auszeichnung Familienbotschafter des Jahres - Grupa Tarczy\u0144ski","robots":{"index":"index","follow":"follow","max-snippet":"max-snippet:-1","max-image-preview":"max-image-preview:large","max-video-preview":"max-video-preview:-1"},"canonical":"https:\/\/grupatarczynski.pl\/de\/2022\/07\/06\/die-firma-tarczynski-erhaelt-von-forbes-die-auszeichnung-familienbotschafter-des-jahres\/","og_locale":"de_DE","og_type":"article","og_title":"Die Firma Tarczy\u0144ski erh\u00e4lt von Forbes die Auszeichnung Familienbotschafter des Jahres - Grupa Tarczy\u0144ski","og_description":"W\u00e4hrend des 3. Kongresses der Familienunternehmen wurde die Marke mit dem Titel Familienbotschafter des Jahres ausgezeichnet. Vertreter des Veranstalters, der Zeitschrift Forbes Polska, verliehen dem Hersteller der beliebten Proteinsnacks diesen Preis f\u00fcr die internationale Bekanntmachung unseres Landes. Unter den Ausgezeichneten in anderen Kategorien waren auch: Gruppe Mokate, Gruppe Arche sowie Cafardini.\u00a0","og_url":"https:\/\/grupatarczynski.pl\/de\/2022\/07\/06\/die-firma-tarczynski-erhaelt-von-forbes-die-auszeichnung-familienbotschafter-des-jahres\/","og_site_name":"Grupa Tarczy\u0144ski","article_published_time":"2022-07-06T18:55:10+00:00","article_modified_time":"2022-07-18T14:52:39+00:00","og_image":[{"width":1920,"height":1281,"url":"https:\/\/grupatarczynski.pl\/wp-content\/uploads\/2022\/07\/PRE_7359.jpeg","type":"image\/jpeg"}],"author":"Katarzyna Leszkiewicz","twitter_card":"summary_large_image","twitter_misc":{"Verfasst von":"Katarzyna Leszkiewicz","Gesch\u00e4tzte Lesezeit":"2\u00a0Minuten"},"schema":{"@context":"https:\/\/schema.org","@graph":[{"@type":"Article","@id":"https:\/\/grupatarczynski.pl\/de\/2022\/07\/06\/die-firma-tarczynski-erhaelt-von-forbes-die-auszeichnung-familienbotschafter-des-jahres\/#article","isPartOf":{"@id":"https:\/\/grupatarczynski.pl\/de\/2022\/07\/06\/die-firma-tarczynski-erhaelt-von-forbes-die-auszeichnung-familienbotschafter-des-jahres\/"},"author":{"name":"Katarzyna Leszkiewicz","@id":"https:\/\/grupatarczynski.pl\/#\/schema\/person\/163f0ba9f94f4ed18156a49b2cb07827"},"headline":"Die Firma Tarczy\u0144ski erh\u00e4lt von Forbes die Auszeichnung Familienbotschafter des Jahres","datePublished":"2022-07-06T18:55:10+00:00","dateModified":"2022-07-18T14:52:39+00:00","mainEntityOfPage":{"@id":"https:\/\/grupatarczynski.pl\/de\/2022\/07\/06\/die-firma-tarczynski-erhaelt-von-forbes-die-auszeichnung-familienbotschafter-des-jahres\/"},"wordCount":387,"publisher":{"@id":"https:\/\/grupatarczynski.pl\/#organization"},"image":{"@id":"https:\/\/grupatarczynski.pl\/de\/2022\/07\/06\/die-firma-tarczynski-erhaelt-von-forbes-die-auszeichnung-familienbotschafter-des-jahres\/#primaryimage"},"thumbnailUrl":"https:\/\/grupatarczynski.pl\/wp-content\/uploads\/2022\/07\/PRE_7359.jpeg","articleSection":["Unkategorisiert"],"inLanguage":"de"},{"@type":"WebPage","@id":"https:\/\/grupatarczynski.pl\/de\/2022\/07\/06\/die-firma-tarczynski-erhaelt-von-forbes-die-auszeichnung-familienbotschafter-des-jahres\/","url":"https:\/\/grupatarczynski.pl\/de\/2022\/07\/06\/die-firma-tarczynski-erhaelt-von-forbes-die-auszeichnung-familienbotschafter-des-jahres\/","name":"Die Firma Tarczy\u0144ski erh\u00e4lt von Forbes die Auszeichnung Familienbotschafter des Jahres - Grupa Tarczy\u0144ski","isPartOf":{"@id":"https:\/\/grupatarczynski.pl\/#website"},"primaryImageOfPage":{"@id":"https:\/\/grupatarczynski.pl\/de\/2022\/07\/06\/die-firma-tarczynski-erhaelt-von-forbes-die-auszeichnung-familienbotschafter-des-jahres\/#primaryimage"},"image":{"@id":"https:\/\/grupatarczynski.pl\/de\/2022\/07\/06\/die-firma-tarczynski-erhaelt-von-forbes-die-auszeichnung-familienbotschafter-des-jahres\/#primaryimage"},"thumbnailUrl":"https:\/\/grupatarczynski.pl\/wp-content\/uploads\/2022\/07\/PRE_7359.jpeg","datePublished":"2022-07-06T18:55:10+00:00","dateModified":"2022-07-18T14:52:39+00:00","breadcrumb":{"@id":"https:\/\/grupatarczynski.pl\/de\/2022\/07\/06\/die-firma-tarczynski-erhaelt-von-forbes-die-auszeichnung-familienbotschafter-des-jahres\/#breadcrumb"},"inLanguage":"de","potentialAction":[{"@type":"ReadAction","target":["https:\/\/grupatarczynski.pl\/de\/2022\/07\/06\/die-firma-tarczynski-erhaelt-von-forbes-die-auszeichnung-familienbotschafter-des-jahres\/"]}]},{"@type":"ImageObject","inLanguage":"de","@id":"https:\/\/grupatarczynski.pl\/de\/2022\/07\/06\/die-firma-tarczynski-erhaelt-von-forbes-die-auszeichnung-familienbotschafter-des-jahres\/#primaryimage","url":"https:\/\/grupatarczynski.pl\/wp-content\/uploads\/2022\/07\/PRE_7359.jpeg","contentUrl":"https:\/\/grupatarczynski.pl\/wp-content\/uploads\/2022\/07\/PRE_7359.jpeg","width":1920,"height":1281,"caption":"Fot. Alicja \u017bebru\u0144"},{"@type":"BreadcrumbList","@id":"https:\/\/grupatarczynski.pl\/de\/2022\/07\/06\/die-firma-tarczynski-erhaelt-von-forbes-die-auszeichnung-familienbotschafter-des-jahres\/#breadcrumb","itemListElement":[{"@type":"ListItem","position":1,"name":"Strona g\u0142\u00f3wna","item":"https:\/\/grupatarczynski.pl\/de\/"},{"@type":"ListItem","position":2,"name":"Die Firma Tarczy\u0144ski erh\u00e4lt von Forbes die Auszeichnung Familienbotschafter des Jahres"}]},{"@type":"WebSite","@id":"https:\/\/grupatarczynski.pl\/#website","url":"https:\/\/grupatarczynski.pl\/","name":"Grupa Tarczy\u0144ski","description":"","publisher":{"@id":"https:\/\/grupatarczynski.pl\/#organization"},"potentialAction":[{"@type":"SearchAction","target":{"@type":"EntryPoint","urlTemplate":"https:\/\/grupatarczynski.pl\/?s={search_term_string}"},"query-input":{"@type":"PropertyValueSpecification","valueRequired":true,"valueName":"search_term_string"}}],"inLanguage":"de"},{"@type":"Organization","@id":"https:\/\/grupatarczynski.pl\/#organization","name":"Grupa Tarczy\u0144ski","url":"https:\/\/grupatarczynski.pl\/","logo":{"@type":"ImageObject","inLanguage":"de","@id":"https:\/\/grupatarczynski.pl\/#\/schema\/logo\/image\/","url":"https:\/\/grupatarczynski.pl\/wp-content\/uploads\/2020\/08\/tarczynski_logo.png","contentUrl":"https:\/\/grupatarczynski.pl\/wp-content\/uploads\/2020\/08\/tarczynski_logo.png","width":306,"height":183,"caption":"Grupa Tarczy\u0144ski"},"image":{"@id":"https:\/\/grupatarczynski.pl\/#\/schema\/logo\/image\/"}},{"@type":"Person","@id":"https:\/\/grupatarczynski.pl\/#\/schema\/person\/163f0ba9f94f4ed18156a49b2cb07827","name":"Katarzyna Leszkiewicz","image":{"@type":"ImageObject","inLanguage":"de","@id":"https:\/\/grupatarczynski.pl\/#\/schema\/person\/image\/","url":"https:\/\/secure.gravatar.com\/avatar\/6ea29f9ea6800a48e58f7052c1fff0133985e3b3fffb5bf9bb79c19651b061ba?s=96&d=mm&r=g","contentUrl":"https:\/\/secure.gravatar.com\/avatar\/6ea29f9ea6800a48e58f7052c1fff0133985e3b3fffb5bf9bb79c19651b061ba?s=96&d=mm&r=g","caption":"Katarzyna Leszkiewicz"},"sameAs":["http:\/\/publicon.pl"]}]}},"_links":{"self":[{"href":"https:\/\/grupatarczynski.pl\/de\/wp-json\/wp\/v2\/posts\/15318","targetHints":{"allow":["GET"]}}],"collection":[{"href":"https:\/\/grupatarczynski.pl\/de\/wp-json\/wp\/v2\/posts"}],"about":[{"href":"https:\/\/grupatarczynski.pl\/de\/wp-json\/wp\/v2\/types\/post"}],"author":[{"embeddable":true,"href":"https:\/\/grupatarczynski.pl\/de\/wp-json\/wp\/v2\/users\/2"}],"replies":[{"embeddable":true,"href":"https:\/\/grupatarczynski.pl\/de\/wp-json\/wp\/v2\/comments?post=15318"}],"version-history":[{"count":2,"href":"https:\/\/grupatarczynski.pl\/de\/wp-json\/wp\/v2\/posts\/15318\/revisions"}],"predecessor-version":[{"id":15379,"href":"https:\/\/grupatarczynski.pl\/de\/wp-json\/wp\/v2\/posts\/15318\/revisions\/15379"}],"wp:featuredmedia":[{"embeddable":true,"href":"https:\/\/grupatarczynski.pl\/de\/wp-json\/wp\/v2\/media\/15244"}],"wp:attachment":[{"href":"https:\/\/grupatarczynski.pl\/de\/wp-json\/wp\/v2\/media?parent=15318"}],"wp:term":[{"taxonomy":"category","embeddable":true,"href":"https:\/\/grupatarczynski.pl\/de\/wp-json\/wp\/v2\/categories?post=15318"},{"taxonomy":"post_tag","embeddable":true,"href":"https:\/\/grupatarczynski.pl\/de\/wp-json\/wp\/v2\/tags?post=15318"}],"curies":[{"name":"wp","href":"https:\/\/api.w.org\/{rel}","templated":true}]}}