{"id":15324,"date":"2022-03-04T21:00:58","date_gmt":"2022-03-04T20:00:58","guid":{"rendered":"https:\/\/grupatarczynski.pl\/?p=15324"},"modified":"2022-07-21T17:50:51","modified_gmt":"2022-07-21T15:50:51","slug":"tarczynski-solidarisch-mit-der-ukraine-das-unternehmen-spendete-militaerische-ausruestung-und-produkte-im-wert-von-zwei-millionen-pln","status":"publish","type":"post","link":"https:\/\/grupatarczynski.pl\/de\/2022\/03\/04\/tarczynski-solidarisch-mit-der-ukraine-das-unternehmen-spendete-militaerische-ausruestung-und-produkte-im-wert-von-zwei-millionen-pln\/","title":{"rendered":"Tarczy\u0144ski: Solidarisch mit der Ukraine. Das Unternehmen spendete milit\u00e4rische Ausr\u00fcstung und Produkte im Wert von zwei Millionen PLN."},"content":{"rendered":"<h2><b>Gemeinsam f\u00fcr die Ukraine<\/b><\/h2>\n<p><span style=\"font-weight: 400;\">Drohnen, W\u00e4rmebildkameras, GPS, taktische Westen oder Scharfsch\u00fctzenrucks\u00e4cke. Die hochwertige taktische Milit\u00e4rausr\u00fcstung ist eine materielle Unterst\u00fctzung, welche Tarczy\u0144ski denjenigen geleistet hat, die von der geopolitischen Situation jenseits unserer Ostgrenze unmittelbar betroffen sind. Die Marke k\u00fcmmerte sich auch um Erste-Hilfe-Material sowie Isomatten und Schlafs\u00e4cke f\u00fcr Bed\u00fcrftige.\u00a0<\/span><\/p>\n<p><span style=\"font-weight: 400;\">Dar\u00fcber hinaus haben bereits 40.000 Kabanossi-Packungen das Werk in Uje\u017adziec Ma\u0142y bei Breslau verlassen, die dank der Unterst\u00fctzung von Partnern \u2013 darunter der Stadt Breslau \u2013 an die polnisch-ukrainische Grenze gelangt sind.\u00a0<\/span><\/p>\n<blockquote><p><span style=\"font-weight: 400;\">\u2013<\/span><i><span style=\"font-weight: 400;\"> Die Situation in der Ukraine konnte uns nicht gleichg\u00fcltig sein. Ihre B\u00fcrger sind mit einem unvorstellbaren Drama konfrontiert, das keiner von uns je erleben m\u00f6chte. Viele von ihnen sind seit Jahren in unseren Werken besch\u00e4ftigt \u2013 wir versuchen, ihnen in dieser Situation zu helfen, indem wir ihre Angeh\u00f6rigen u. a. beim Umzug unterst\u00fctzen<\/span><\/i><span style=\"font-weight: 400;\"> \u2013 sagt Jacek Tarczy\u0144ski, Vorstandsvorsitzender bei Tarczy\u0144ski S.A.<\/span><\/p><\/blockquote>\n<h2><b>Versorgung der polnisch-ukrainischen Grenze<\/b><\/h2>\n<p><span style=\"font-weight: 400;\">Auch der American-Football-Verein Panthers Wroc\u0142aw, dessen strategischer Sponsor unsere Marke ist, war an der Hilfsaktion beteiligt. Im Rahmen einer gemeinsamen Initiative wurde zus\u00e4tzliche taktische Ausr\u00fcstung beschafft, die an der Front knapp ist.\u00a0<\/span><\/p>\n<blockquote><p><span style=\"font-weight: 400;\">\u2013 <\/span><i><span style=\"font-weight: 400;\">Freunde der Panthers Wroc\u0142aw \u2013 die Lviv Lions \u2013 haben zurzeit die Aufgabe, die Stra\u00dfen von Lemberg zu patrouillieren. Einige von ihnen nehmen an dem offenen Kampf zur Verteidigung von Kiew teil. Trotz zahlreicher Aktionen fehlt es ihnen immer noch haupts\u00e4chlich an milit\u00e4rischer Ausr\u00fcstung. Deshalb haben wir uns in diesem Bereich engagiert und sind froh, dass sich so viele Menschen unserer Spendensammlung angeschlossen haben, um<\/span><\/i><span style=\"font-weight: 400;\"> gemeinsam zu helfen \u2013 sagt Micha\u0142 Lato\u015b, Vorstandsvorsitzender der Panthers Wroc\u0142aw.\u00a0<\/span><\/p><\/blockquote>\n<p><span style=\"font-weight: 400;\">Der Transport in die Ukraine umfasst u. a. Milit\u00e4rrucks\u00e4cke, Powerbanks, Pfeffersprays, Erste-Hilfe-K\u00e4sten sowie taktische Westen, Milit\u00e4rhandschuhe und Kniesch\u00fctzer.\u00a0<\/span><\/p>\n<p><span style=\"font-weight: 400;\">Der von der Marke gesponserte Club hilft in vielerlei Hinsicht. Europ\u00e4ische American-Football-Clubs und Trainer mit Erfahrung in der NFL haben ihr Engagement bekundet. Aus diesem Grund findet am Samstag ein internationaler Trainer-Schulungskurs statt, dessen Erl\u00f6s vollst\u00e4ndig f\u00fcr die Menschen in der Ukraine gespendet wird. Zu den Referenten der Schulung geh\u00f6ren u.\u00a0a. Gary Kubiak \u2013 4-facher Super-Bowl-Sieger u.\u00a0a. mit den Denver Broncos, Jim Herman \u2013 ehemaliger Trainer der NY Giants, NY Jets, Indianapolis Colts und Neal Brown \u2013 der Cheftrainer der University of Virginia Tech.\u00a0<\/span><\/p>\n<p><span style=\"font-weight: 400;\">Solidarit\u00e4t mit der Ukraine bringt auch die Breslauer Tarczy\u0144ski Arena zum Ausdruck, die von unserem Unternehmen gesponsert wird. Die Membran des Stadions wird in gelb-blauen Nationalfarben beleuchtet.<\/span><\/p>\n<p><span style=\"font-weight: 400;\">Wie uns das Unternehmen versichert, sind Hilfsma\u00dfnahmen im Gange und weitere Lieferungen sind bereits geplant.<\/span><\/p>\n","protected":false},"excerpt":{"rendered":"<p>Die Marke Tarczy\u0144ski hat sich der Hilfe f\u00fcr die Menschen in der vom Krieg betroffenen Ukraine angeschlossen. Unser Engagement umfasst die Bereitstellung von milit\u00e4rischer Ausr\u00fcstung, Erste-Hilfe-Material und Markenerzeugnissen. Die ersten Lieferungen haben die Bed\u00fcrftigen erreicht, weitere sind geplant.<\/p>\n","protected":false},"author":2,"featured_media":14448,"comment_status":"closed","ping_status":"closed","sticky":false,"template":"","format":"standard","meta":{"_acf_changed":false,"footnotes":""},"categories":[5],"tags":[],"class_list":["post-15324","post","type-post","status-publish","format-standard","has-post-thumbnail","hentry","category-unkategorisiert"],"acf":[],"yoast_head":"<!-- This site is optimized with the Yoast SEO plugin v27.1.1 - https:\/\/yoast.com\/product\/yoast-seo-wordpress\/ -->\n<title>Tarczy\u0144ski: Solidarisch mit der Ukraine. Das Unternehmen spendete milit\u00e4rische Ausr\u00fcstung und Produkte im Wert von zwei Millionen PLN. - Grupa Tarczy\u0144ski<\/title>\n<meta name=\"description\" content=\"Die Marke Tarczy\u0144ski hat sich der Hilfe f\u00fcr die Menschen in der vom Krieg betroffenen Ukraine angeschlossen. Unser Engagement umfasst die Bereitstellung von milit\u00e4rischer Ausr\u00fcstung, Erste-Hilfe-Material und Markenerzeugnissen. Die ersten Lieferungen haben die Bed\u00fcrftigen erreicht, weitere sind geplant.\" \/>\n<meta name=\"robots\" content=\"index, follow, max-snippet:-1, max-image-preview:large, max-video-preview:-1\" \/>\n<link rel=\"canonical\" href=\"https:\/\/grupatarczynski.pl\/de\/2022\/03\/04\/tarczynski-solidarisch-mit-der-ukraine-das-unternehmen-spendete-militaerische-ausruestung-und-produkte-im-wert-von-zwei-millionen-pln\/\" \/>\n<meta property=\"og:locale\" content=\"de_DE\" \/>\n<meta property=\"og:type\" content=\"article\" \/>\n<meta property=\"og:title\" content=\"Tarczy\u0144ski: Solidarisch mit der Ukraine. Das Unternehmen spendete milit\u00e4rische Ausr\u00fcstung und Produkte im Wert von zwei Millionen PLN. - Grupa Tarczy\u0144ski\" \/>\n<meta property=\"og:description\" content=\"Die Marke Tarczy\u0144ski hat sich der Hilfe f\u00fcr die Menschen in der vom Krieg betroffenen Ukraine angeschlossen. Unser Engagement umfasst die Bereitstellung von milit\u00e4rischer Ausr\u00fcstung, Erste-Hilfe-Material und Markenerzeugnissen. Die ersten Lieferungen haben die Bed\u00fcrftigen erreicht, weitere sind geplant.\" \/>\n<meta property=\"og:url\" content=\"https:\/\/grupatarczynski.pl\/de\/2022\/03\/04\/tarczynski-solidarisch-mit-der-ukraine-das-unternehmen-spendete-militaerische-ausruestung-und-produkte-im-wert-von-zwei-millionen-pln\/\" \/>\n<meta property=\"og:site_name\" content=\"Grupa Tarczy\u0144ski\" \/>\n<meta property=\"article:published_time\" content=\"2022-03-04T20:00:58+00:00\" \/>\n<meta property=\"article:modified_time\" content=\"2022-07-21T15:50:51+00:00\" \/>\n<meta property=\"og:image\" content=\"https:\/\/grupatarczynski.pl\/wp-content\/uploads\/2022\/03\/fota_arena-scaled.jpg\" \/>\n\t<meta property=\"og:image:width\" content=\"2560\" \/>\n\t<meta property=\"og:image:height\" content=\"1597\" \/>\n\t<meta property=\"og:image:type\" content=\"image\/jpeg\" \/>\n<meta name=\"author\" content=\"Katarzyna Leszkiewicz\" \/>\n<meta name=\"twitter:card\" content=\"summary_large_image\" \/>\n<meta name=\"twitter:label1\" content=\"Verfasst von\" \/>\n\t<meta name=\"twitter:data1\" content=\"Katarzyna Leszkiewicz\" \/>\n\t<meta name=\"twitter:label2\" content=\"Gesch\u00e4tzte Lesezeit\" \/>\n\t<meta name=\"twitter:data2\" content=\"2\u00a0Minuten\" \/>\n<script type=\"application\/ld+json\" class=\"yoast-schema-graph\">{\"@context\":\"https:\/\/schema.org\",\"@graph\":[{\"@type\":\"Article\",\"@id\":\"https:\/\/grupatarczynski.pl\/de\/2022\/03\/04\/tarczynski-solidarisch-mit-der-ukraine-das-unternehmen-spendete-militaerische-ausruestung-und-produkte-im-wert-von-zwei-millionen-pln\/#article\",\"isPartOf\":{\"@id\":\"https:\/\/grupatarczynski.pl\/de\/2022\/03\/04\/tarczynski-solidarisch-mit-der-ukraine-das-unternehmen-spendete-militaerische-ausruestung-und-produkte-im-wert-von-zwei-millionen-pln\/\"},\"author\":{\"name\":\"Katarzyna Leszkiewicz\",\"@id\":\"https:\/\/grupatarczynski.pl\/#\/schema\/person\/163f0ba9f94f4ed18156a49b2cb07827\"},\"headline\":\"Tarczy\u0144ski: Solidarisch mit der Ukraine. Das Unternehmen spendete milit\u00e4rische Ausr\u00fcstung und Produkte im Wert von zwei Millionen PLN.\",\"datePublished\":\"2022-03-04T20:00:58+00:00\",\"dateModified\":\"2022-07-21T15:50:51+00:00\",\"mainEntityOfPage\":{\"@id\":\"https:\/\/grupatarczynski.pl\/de\/2022\/03\/04\/tarczynski-solidarisch-mit-der-ukraine-das-unternehmen-spendete-militaerische-ausruestung-und-produkte-im-wert-von-zwei-millionen-pln\/\"},\"wordCount\":456,\"publisher\":{\"@id\":\"https:\/\/grupatarczynski.pl\/#organization\"},\"image\":{\"@id\":\"https:\/\/grupatarczynski.pl\/de\/2022\/03\/04\/tarczynski-solidarisch-mit-der-ukraine-das-unternehmen-spendete-militaerische-ausruestung-und-produkte-im-wert-von-zwei-millionen-pln\/#primaryimage\"},\"thumbnailUrl\":\"https:\/\/grupatarczynski.pl\/wp-content\/uploads\/2022\/03\/fota_arena-scaled.jpg\",\"articleSection\":[\"Unkategorisiert\"],\"inLanguage\":\"de\"},{\"@type\":\"WebPage\",\"@id\":\"https:\/\/grupatarczynski.pl\/de\/2022\/03\/04\/tarczynski-solidarisch-mit-der-ukraine-das-unternehmen-spendete-militaerische-ausruestung-und-produkte-im-wert-von-zwei-millionen-pln\/\",\"url\":\"https:\/\/grupatarczynski.pl\/de\/2022\/03\/04\/tarczynski-solidarisch-mit-der-ukraine-das-unternehmen-spendete-militaerische-ausruestung-und-produkte-im-wert-von-zwei-millionen-pln\/\",\"name\":\"Tarczy\u0144ski: Solidarisch mit der Ukraine. Das Unternehmen spendete milit\u00e4rische Ausr\u00fcstung und Produkte im Wert von zwei Millionen PLN. - Grupa Tarczy\u0144ski\",\"isPartOf\":{\"@id\":\"https:\/\/grupatarczynski.pl\/#website\"},\"primaryImageOfPage\":{\"@id\":\"https:\/\/grupatarczynski.pl\/de\/2022\/03\/04\/tarczynski-solidarisch-mit-der-ukraine-das-unternehmen-spendete-militaerische-ausruestung-und-produkte-im-wert-von-zwei-millionen-pln\/#primaryimage\"},\"image\":{\"@id\":\"https:\/\/grupatarczynski.pl\/de\/2022\/03\/04\/tarczynski-solidarisch-mit-der-ukraine-das-unternehmen-spendete-militaerische-ausruestung-und-produkte-im-wert-von-zwei-millionen-pln\/#primaryimage\"},\"thumbnailUrl\":\"https:\/\/grupatarczynski.pl\/wp-content\/uploads\/2022\/03\/fota_arena-scaled.jpg\",\"datePublished\":\"2022-03-04T20:00:58+00:00\",\"dateModified\":\"2022-07-21T15:50:51+00:00\",\"description\":\"Die Marke Tarczy\u0144ski hat sich der Hilfe f\u00fcr die Menschen in der vom Krieg betroffenen Ukraine angeschlossen. Unser Engagement umfasst die Bereitstellung von milit\u00e4rischer Ausr\u00fcstung, Erste-Hilfe-Material und Markenerzeugnissen. Die ersten Lieferungen haben die Bed\u00fcrftigen erreicht, weitere sind geplant.\",\"breadcrumb\":{\"@id\":\"https:\/\/grupatarczynski.pl\/de\/2022\/03\/04\/tarczynski-solidarisch-mit-der-ukraine-das-unternehmen-spendete-militaerische-ausruestung-und-produkte-im-wert-von-zwei-millionen-pln\/#breadcrumb\"},\"inLanguage\":\"de\",\"potentialAction\":[{\"@type\":\"ReadAction\",\"target\":[\"https:\/\/grupatarczynski.pl\/de\/2022\/03\/04\/tarczynski-solidarisch-mit-der-ukraine-das-unternehmen-spendete-militaerische-ausruestung-und-produkte-im-wert-von-zwei-millionen-pln\/\"]}]},{\"@type\":\"ImageObject\",\"inLanguage\":\"de\",\"@id\":\"https:\/\/grupatarczynski.pl\/de\/2022\/03\/04\/tarczynski-solidarisch-mit-der-ukraine-das-unternehmen-spendete-militaerische-ausruestung-und-produkte-im-wert-von-zwei-millionen-pln\/#primaryimage\",\"url\":\"https:\/\/grupatarczynski.pl\/wp-content\/uploads\/2022\/03\/fota_arena-scaled.jpg\",\"contentUrl\":\"https:\/\/grupatarczynski.pl\/wp-content\/uploads\/2022\/03\/fota_arena-scaled.jpg\",\"width\":2560,\"height\":1597},{\"@type\":\"BreadcrumbList\",\"@id\":\"https:\/\/grupatarczynski.pl\/de\/2022\/03\/04\/tarczynski-solidarisch-mit-der-ukraine-das-unternehmen-spendete-militaerische-ausruestung-und-produkte-im-wert-von-zwei-millionen-pln\/#breadcrumb\",\"itemListElement\":[{\"@type\":\"ListItem\",\"position\":1,\"name\":\"Strona g\u0142\u00f3wna\",\"item\":\"https:\/\/grupatarczynski.pl\/de\/\"},{\"@type\":\"ListItem\",\"position\":2,\"name\":\"Tarczy\u0144ski: Solidarisch mit der Ukraine. Das Unternehmen spendete milit\u00e4rische Ausr\u00fcstung und Produkte im Wert von zwei Millionen PLN.\"}]},{\"@type\":\"WebSite\",\"@id\":\"https:\/\/grupatarczynski.pl\/#website\",\"url\":\"https:\/\/grupatarczynski.pl\/\",\"name\":\"Grupa Tarczy\u0144ski\",\"description\":\"\",\"publisher\":{\"@id\":\"https:\/\/grupatarczynski.pl\/#organization\"},\"potentialAction\":[{\"@type\":\"SearchAction\",\"target\":{\"@type\":\"EntryPoint\",\"urlTemplate\":\"https:\/\/grupatarczynski.pl\/?s={search_term_string}\"},\"query-input\":{\"@type\":\"PropertyValueSpecification\",\"valueRequired\":true,\"valueName\":\"search_term_string\"}}],\"inLanguage\":\"de\"},{\"@type\":\"Organization\",\"@id\":\"https:\/\/grupatarczynski.pl\/#organization\",\"name\":\"Grupa Tarczy\u0144ski\",\"url\":\"https:\/\/grupatarczynski.pl\/\",\"logo\":{\"@type\":\"ImageObject\",\"inLanguage\":\"de\",\"@id\":\"https:\/\/grupatarczynski.pl\/#\/schema\/logo\/image\/\",\"url\":\"https:\/\/grupatarczynski.pl\/wp-content\/uploads\/2020\/08\/tarczynski_logo.png\",\"contentUrl\":\"https:\/\/grupatarczynski.pl\/wp-content\/uploads\/2020\/08\/tarczynski_logo.png\",\"width\":306,\"height\":183,\"caption\":\"Grupa Tarczy\u0144ski\"},\"image\":{\"@id\":\"https:\/\/grupatarczynski.pl\/#\/schema\/logo\/image\/\"}},{\"@type\":\"Person\",\"@id\":\"https:\/\/grupatarczynski.pl\/#\/schema\/person\/163f0ba9f94f4ed18156a49b2cb07827\",\"name\":\"Katarzyna Leszkiewicz\",\"image\":{\"@type\":\"ImageObject\",\"inLanguage\":\"de\",\"@id\":\"https:\/\/grupatarczynski.pl\/#\/schema\/person\/image\/\",\"url\":\"https:\/\/secure.gravatar.com\/avatar\/6ea29f9ea6800a48e58f7052c1fff0133985e3b3fffb5bf9bb79c19651b061ba?s=96&d=mm&r=g\",\"contentUrl\":\"https:\/\/secure.gravatar.com\/avatar\/6ea29f9ea6800a48e58f7052c1fff0133985e3b3fffb5bf9bb79c19651b061ba?s=96&d=mm&r=g\",\"caption\":\"Katarzyna Leszkiewicz\"},\"sameAs\":[\"http:\/\/publicon.pl\"]}]}<\/script>\n<!-- \/ Yoast SEO plugin. -->","yoast_head_json":{"title":"Tarczy\u0144ski: Solidarisch mit der Ukraine. Das Unternehmen spendete milit\u00e4rische Ausr\u00fcstung und Produkte im Wert von zwei Millionen PLN. - Grupa Tarczy\u0144ski","description":"Die Marke Tarczy\u0144ski hat sich der Hilfe f\u00fcr die Menschen in der vom Krieg betroffenen Ukraine angeschlossen. Unser Engagement umfasst die Bereitstellung von milit\u00e4rischer Ausr\u00fcstung, Erste-Hilfe-Material und Markenerzeugnissen. Die ersten Lieferungen haben die Bed\u00fcrftigen erreicht, weitere sind geplant.","robots":{"index":"index","follow":"follow","max-snippet":"max-snippet:-1","max-image-preview":"max-image-preview:large","max-video-preview":"max-video-preview:-1"},"canonical":"https:\/\/grupatarczynski.pl\/de\/2022\/03\/04\/tarczynski-solidarisch-mit-der-ukraine-das-unternehmen-spendete-militaerische-ausruestung-und-produkte-im-wert-von-zwei-millionen-pln\/","og_locale":"de_DE","og_type":"article","og_title":"Tarczy\u0144ski: Solidarisch mit der Ukraine. Das Unternehmen spendete milit\u00e4rische Ausr\u00fcstung und Produkte im Wert von zwei Millionen PLN. - Grupa Tarczy\u0144ski","og_description":"Die Marke Tarczy\u0144ski hat sich der Hilfe f\u00fcr die Menschen in der vom Krieg betroffenen Ukraine angeschlossen. Unser Engagement umfasst die Bereitstellung von milit\u00e4rischer Ausr\u00fcstung, Erste-Hilfe-Material und Markenerzeugnissen. Die ersten Lieferungen haben die Bed\u00fcrftigen erreicht, weitere sind geplant.","og_url":"https:\/\/grupatarczynski.pl\/de\/2022\/03\/04\/tarczynski-solidarisch-mit-der-ukraine-das-unternehmen-spendete-militaerische-ausruestung-und-produkte-im-wert-von-zwei-millionen-pln\/","og_site_name":"Grupa Tarczy\u0144ski","article_published_time":"2022-03-04T20:00:58+00:00","article_modified_time":"2022-07-21T15:50:51+00:00","og_image":[{"width":2560,"height":1597,"url":"https:\/\/grupatarczynski.pl\/wp-content\/uploads\/2022\/03\/fota_arena-scaled.jpg","type":"image\/jpeg"}],"author":"Katarzyna Leszkiewicz","twitter_card":"summary_large_image","twitter_misc":{"Verfasst von":"Katarzyna Leszkiewicz","Gesch\u00e4tzte Lesezeit":"2\u00a0Minuten"},"schema":{"@context":"https:\/\/schema.org","@graph":[{"@type":"Article","@id":"https:\/\/grupatarczynski.pl\/de\/2022\/03\/04\/tarczynski-solidarisch-mit-der-ukraine-das-unternehmen-spendete-militaerische-ausruestung-und-produkte-im-wert-von-zwei-millionen-pln\/#article","isPartOf":{"@id":"https:\/\/grupatarczynski.pl\/de\/2022\/03\/04\/tarczynski-solidarisch-mit-der-ukraine-das-unternehmen-spendete-militaerische-ausruestung-und-produkte-im-wert-von-zwei-millionen-pln\/"},"author":{"name":"Katarzyna Leszkiewicz","@id":"https:\/\/grupatarczynski.pl\/#\/schema\/person\/163f0ba9f94f4ed18156a49b2cb07827"},"headline":"Tarczy\u0144ski: Solidarisch mit der Ukraine. Das Unternehmen spendete milit\u00e4rische Ausr\u00fcstung und Produkte im Wert von zwei Millionen PLN.","datePublished":"2022-03-04T20:00:58+00:00","dateModified":"2022-07-21T15:50:51+00:00","mainEntityOfPage":{"@id":"https:\/\/grupatarczynski.pl\/de\/2022\/03\/04\/tarczynski-solidarisch-mit-der-ukraine-das-unternehmen-spendete-militaerische-ausruestung-und-produkte-im-wert-von-zwei-millionen-pln\/"},"wordCount":456,"publisher":{"@id":"https:\/\/grupatarczynski.pl\/#organization"},"image":{"@id":"https:\/\/grupatarczynski.pl\/de\/2022\/03\/04\/tarczynski-solidarisch-mit-der-ukraine-das-unternehmen-spendete-militaerische-ausruestung-und-produkte-im-wert-von-zwei-millionen-pln\/#primaryimage"},"thumbnailUrl":"https:\/\/grupatarczynski.pl\/wp-content\/uploads\/2022\/03\/fota_arena-scaled.jpg","articleSection":["Unkategorisiert"],"inLanguage":"de"},{"@type":"WebPage","@id":"https:\/\/grupatarczynski.pl\/de\/2022\/03\/04\/tarczynski-solidarisch-mit-der-ukraine-das-unternehmen-spendete-militaerische-ausruestung-und-produkte-im-wert-von-zwei-millionen-pln\/","url":"https:\/\/grupatarczynski.pl\/de\/2022\/03\/04\/tarczynski-solidarisch-mit-der-ukraine-das-unternehmen-spendete-militaerische-ausruestung-und-produkte-im-wert-von-zwei-millionen-pln\/","name":"Tarczy\u0144ski: Solidarisch mit der Ukraine. Das Unternehmen spendete milit\u00e4rische Ausr\u00fcstung und Produkte im Wert von zwei Millionen PLN. - Grupa Tarczy\u0144ski","isPartOf":{"@id":"https:\/\/grupatarczynski.pl\/#website"},"primaryImageOfPage":{"@id":"https:\/\/grupatarczynski.pl\/de\/2022\/03\/04\/tarczynski-solidarisch-mit-der-ukraine-das-unternehmen-spendete-militaerische-ausruestung-und-produkte-im-wert-von-zwei-millionen-pln\/#primaryimage"},"image":{"@id":"https:\/\/grupatarczynski.pl\/de\/2022\/03\/04\/tarczynski-solidarisch-mit-der-ukraine-das-unternehmen-spendete-militaerische-ausruestung-und-produkte-im-wert-von-zwei-millionen-pln\/#primaryimage"},"thumbnailUrl":"https:\/\/grupatarczynski.pl\/wp-content\/uploads\/2022\/03\/fota_arena-scaled.jpg","datePublished":"2022-03-04T20:00:58+00:00","dateModified":"2022-07-21T15:50:51+00:00","description":"Die Marke Tarczy\u0144ski hat sich der Hilfe f\u00fcr die Menschen in der vom Krieg betroffenen Ukraine angeschlossen. Unser Engagement umfasst die Bereitstellung von milit\u00e4rischer Ausr\u00fcstung, Erste-Hilfe-Material und Markenerzeugnissen. Die ersten Lieferungen haben die Bed\u00fcrftigen erreicht, weitere sind geplant.","breadcrumb":{"@id":"https:\/\/grupatarczynski.pl\/de\/2022\/03\/04\/tarczynski-solidarisch-mit-der-ukraine-das-unternehmen-spendete-militaerische-ausruestung-und-produkte-im-wert-von-zwei-millionen-pln\/#breadcrumb"},"inLanguage":"de","potentialAction":[{"@type":"ReadAction","target":["https:\/\/grupatarczynski.pl\/de\/2022\/03\/04\/tarczynski-solidarisch-mit-der-ukraine-das-unternehmen-spendete-militaerische-ausruestung-und-produkte-im-wert-von-zwei-millionen-pln\/"]}]},{"@type":"ImageObject","inLanguage":"de","@id":"https:\/\/grupatarczynski.pl\/de\/2022\/03\/04\/tarczynski-solidarisch-mit-der-ukraine-das-unternehmen-spendete-militaerische-ausruestung-und-produkte-im-wert-von-zwei-millionen-pln\/#primaryimage","url":"https:\/\/grupatarczynski.pl\/wp-content\/uploads\/2022\/03\/fota_arena-scaled.jpg","contentUrl":"https:\/\/grupatarczynski.pl\/wp-content\/uploads\/2022\/03\/fota_arena-scaled.jpg","width":2560,"height":1597},{"@type":"BreadcrumbList","@id":"https:\/\/grupatarczynski.pl\/de\/2022\/03\/04\/tarczynski-solidarisch-mit-der-ukraine-das-unternehmen-spendete-militaerische-ausruestung-und-produkte-im-wert-von-zwei-millionen-pln\/#breadcrumb","itemListElement":[{"@type":"ListItem","position":1,"name":"Strona g\u0142\u00f3wna","item":"https:\/\/grupatarczynski.pl\/de\/"},{"@type":"ListItem","position":2,"name":"Tarczy\u0144ski: Solidarisch mit der Ukraine. Das Unternehmen spendete milit\u00e4rische Ausr\u00fcstung und Produkte im Wert von zwei Millionen PLN."}]},{"@type":"WebSite","@id":"https:\/\/grupatarczynski.pl\/#website","url":"https:\/\/grupatarczynski.pl\/","name":"Grupa Tarczy\u0144ski","description":"","publisher":{"@id":"https:\/\/grupatarczynski.pl\/#organization"},"potentialAction":[{"@type":"SearchAction","target":{"@type":"EntryPoint","urlTemplate":"https:\/\/grupatarczynski.pl\/?s={search_term_string}"},"query-input":{"@type":"PropertyValueSpecification","valueRequired":true,"valueName":"search_term_string"}}],"inLanguage":"de"},{"@type":"Organization","@id":"https:\/\/grupatarczynski.pl\/#organization","name":"Grupa Tarczy\u0144ski","url":"https:\/\/grupatarczynski.pl\/","logo":{"@type":"ImageObject","inLanguage":"de","@id":"https:\/\/grupatarczynski.pl\/#\/schema\/logo\/image\/","url":"https:\/\/grupatarczynski.pl\/wp-content\/uploads\/2020\/08\/tarczynski_logo.png","contentUrl":"https:\/\/grupatarczynski.pl\/wp-content\/uploads\/2020\/08\/tarczynski_logo.png","width":306,"height":183,"caption":"Grupa Tarczy\u0144ski"},"image":{"@id":"https:\/\/grupatarczynski.pl\/#\/schema\/logo\/image\/"}},{"@type":"Person","@id":"https:\/\/grupatarczynski.pl\/#\/schema\/person\/163f0ba9f94f4ed18156a49b2cb07827","name":"Katarzyna Leszkiewicz","image":{"@type":"ImageObject","inLanguage":"de","@id":"https:\/\/grupatarczynski.pl\/#\/schema\/person\/image\/","url":"https:\/\/secure.gravatar.com\/avatar\/6ea29f9ea6800a48e58f7052c1fff0133985e3b3fffb5bf9bb79c19651b061ba?s=96&d=mm&r=g","contentUrl":"https:\/\/secure.gravatar.com\/avatar\/6ea29f9ea6800a48e58f7052c1fff0133985e3b3fffb5bf9bb79c19651b061ba?s=96&d=mm&r=g","caption":"Katarzyna Leszkiewicz"},"sameAs":["http:\/\/publicon.pl"]}]}},"_links":{"self":[{"href":"https:\/\/grupatarczynski.pl\/de\/wp-json\/wp\/v2\/posts\/15324","targetHints":{"allow":["GET"]}}],"collection":[{"href":"https:\/\/grupatarczynski.pl\/de\/wp-json\/wp\/v2\/posts"}],"about":[{"href":"https:\/\/grupatarczynski.pl\/de\/wp-json\/wp\/v2\/types\/post"}],"author":[{"embeddable":true,"href":"https:\/\/grupatarczynski.pl\/de\/wp-json\/wp\/v2\/users\/2"}],"replies":[{"embeddable":true,"href":"https:\/\/grupatarczynski.pl\/de\/wp-json\/wp\/v2\/comments?post=15324"}],"version-history":[{"count":2,"href":"https:\/\/grupatarczynski.pl\/de\/wp-json\/wp\/v2\/posts\/15324\/revisions"}],"predecessor-version":[{"id":15380,"href":"https:\/\/grupatarczynski.pl\/de\/wp-json\/wp\/v2\/posts\/15324\/revisions\/15380"}],"wp:featuredmedia":[{"embeddable":true,"href":"https:\/\/grupatarczynski.pl\/de\/wp-json\/wp\/v2\/media\/14448"}],"wp:attachment":[{"href":"https:\/\/grupatarczynski.pl\/de\/wp-json\/wp\/v2\/media?parent=15324"}],"wp:term":[{"taxonomy":"category","embeddable":true,"href":"https:\/\/grupatarczynski.pl\/de\/wp-json\/wp\/v2\/categories?post=15324"},{"taxonomy":"post_tag","embeddable":true,"href":"https:\/\/grupatarczynski.pl\/de\/wp-json\/wp\/v2\/tags?post=15324"}],"curies":[{"name":"wp","href":"https:\/\/api.w.org\/{rel}","templated":true}]}}